{"id":25090,"date":"2025-12-17T13:39:08","date_gmt":"2025-12-17T12:39:08","guid":{"rendered":"https:\/\/defi4.fr\/?p=25090"},"modified":"2026-01-13T13:46:29","modified_gmt":"2026-01-13T12:46:29","slug":"%f0%9f%93%a2-assemblee-generale-defi4","status":"publish","type":"post","link":"https:\/\/defi4.fr\/en\/2025\/12\/17\/%f0%9f%93%a2-assemblee-generale-defi4\/","title":{"rendered":"\ud83d\udce2 Assembl\u00e9e G\u00e9n\u00e9rale DEFI4"},"content":{"rendered":"<p>La deuxi\u00e8me Assembl\u00e9e G\u00e9n\u00e9rale DEFI4 de 2025 s\u2019est tenue en simultan\u00e9 sur les deux Digital Labs d\u2019<a href=\"https:\/\/www.linkedin.com\/company\/arcelormittal-france\/\" target=\"_blank\" rel=\"noopener\">ArcelorMittal France<\/a>. Ce temps fort a \u00e9t\u00e9 marqu\u00e9 par des \u00e9changes fructueux et une dynamique collective affirm\u00e9e, permettant d\u2019acter des priorit\u00e9s majeures sur la feuille de route 2026.<br><br>Merci \u00e0 l\u2019ensemble des membres pour leur pr\u00e9sence et leur engagement continu ! \ud83c\udf1f<br><br><a href=\"https:\/\/www.linkedin.com\/search\/results\/all\/?keywords=%23formation&amp;origin=HASH_TAG_FROM_FEED\" target=\"_blank\" rel=\"noopener\">#Formation<\/a> <a href=\"https:\/\/www.linkedin.com\/search\/results\/all\/?keywords=%23transformationdigitale&amp;origin=HASH_TAG_FROM_FEED\" target=\"_blank\" rel=\"noopener\">#TransformationDigitale<\/a><br><br><a href=\"https:\/\/www.linkedin.com\/in\/dominiquegeeraert\/\" target=\"_blank\" rel=\"noopener\">Dominique Geeraert<\/a>, <a href=\"https:\/\/www.linkedin.com\/in\/ludovic-decool-588997144\/\" target=\"_blank\" rel=\"noopener\">Ludovic Decool<\/a>, <a href=\"https:\/\/www.linkedin.com\/in\/martine-schmit\/\" target=\"_blank\" rel=\"noopener\">Martine Schmit<\/a>, <a href=\"https:\/\/www.linkedin.com\/in\/hanaa-derrem-7b2b5b1b\/\" target=\"_blank\" rel=\"noopener\">Hanaa DERREM<\/a>, <a href=\"https:\/\/www.linkedin.com\/in\/fran%C3%A7ois-desse-909677b6\/\" target=\"_blank\" rel=\"noopener\">Fran\u00e7ois Desse<\/a>, <a href=\"https:\/\/www.linkedin.com\/in\/david-glijer-83398b71\/\" target=\"_blank\" rel=\"noopener\">David Glijer<\/a>, <a href=\"https:\/\/www.linkedin.com\/in\/isabelle-boul-179b23141\/\" target=\"_blank\" rel=\"noopener\">Isabelle Boul<\/a>, <a href=\"https:\/\/www.linkedin.com\/in\/dany-demarcy-937450153\/\" target=\"_blank\" rel=\"noopener\">Dany Demarcy<\/a>, <a href=\"https:\/\/www.linkedin.com\/in\/ulyssedorioz\/\" target=\"_blank\" rel=\"noopener\">Ulysse DORIOZ<\/a>, <a href=\"https:\/\/www.linkedin.com\/in\/fariborz-farhoudi-iqanto\/\" target=\"_blank\" rel=\"noopener\">Fariborz Farhoudi<\/a>, <a href=\"https:\/\/www.linkedin.com\/in\/pierre-jean-krauth-b3b5ba90\/\" target=\"_blank\" rel=\"noopener\">Pierre-Jean Krauth<\/a>, <a href=\"https:\/\/www.linkedin.com\/in\/francis-leroux-a30561b4\/\" target=\"_blank\" rel=\"noopener\">Francis Leroux<\/a>, <a href=\"https:\/\/www.linkedin.com\/in\/aur%C3%A9lien-philippe-526407369\/\" target=\"_blank\" rel=\"noopener\">Aur\u00e9lien PHILIPPE<\/a>, <a href=\"https:\/\/www.linkedin.com\/in\/son-cao-35869715\/\" target=\"_blank\" rel=\"noopener\">Son CAO<\/a>, <a href=\"https:\/\/www.linkedin.com\/in\/fiquet-herve-88a83b18\/\" target=\"_blank\" rel=\"noopener\">Fiquet Herve<\/a>, <a href=\"https:\/\/www.linkedin.com\/in\/arnaud-cuisset-980285257\/\" target=\"_blank\" rel=\"noopener\">Arnaud Cuisset<\/a><\/p>\n\n\n\n<p><\/p>","protected":false},"excerpt":{"rendered":"<p>La deuxi\u00e8me Assembl\u00e9e G\u00e9n\u00e9rale DEFI4 de 2025 s\u2019est tenue en simultan\u00e9 sur les deux Digital Labs d\u2019ArcelorMittal France. Ce temps fort a \u00e9t\u00e9 marqu\u00e9 par des \u00e9changes fructueux et une dynamique collective affirm\u00e9e, permettant d\u2019acter des priorit\u00e9s majeures sur la &hellip; <\/p>","protected":false},"author":7,"featured_media":25091,"comment_status":"open","ping_status":"open","sticky":false,"template":"","format":"standard","meta":{"pmpro_default_level":"","_monsterinsights_skip_tracking":false,"_monsterinsights_sitenote_active":false,"_monsterinsights_sitenote_note":"","_monsterinsights_sitenote_category":0,"footnotes":""},"categories":[16],"tags":[],"class_list":["post-25090","post","type-post","status-publish","format-standard","has-post-thumbnail","hentry","category-actualites","pmpro-has-access"],"_links":{"self":[{"href":"https:\/\/defi4.fr\/en\/wp-json\/wp\/v2\/posts\/25090","targetHints":{"allow":["GET"]}}],"collection":[{"href":"https:\/\/defi4.fr\/en\/wp-json\/wp\/v2\/posts"}],"about":[{"href":"https:\/\/defi4.fr\/en\/wp-json\/wp\/v2\/types\/post"}],"author":[{"embeddable":true,"href":"https:\/\/defi4.fr\/en\/wp-json\/wp\/v2\/users\/7"}],"replies":[{"embeddable":true,"href":"https:\/\/defi4.fr\/en\/wp-json\/wp\/v2\/comments?post=25090"}],"version-history":[{"count":1,"href":"https:\/\/defi4.fr\/en\/wp-json\/wp\/v2\/posts\/25090\/revisions"}],"predecessor-version":[{"id":25092,"href":"https:\/\/defi4.fr\/en\/wp-json\/wp\/v2\/posts\/25090\/revisions\/25092"}],"wp:featuredmedia":[{"embeddable":true,"href":"https:\/\/defi4.fr\/en\/wp-json\/wp\/v2\/media\/25091"}],"wp:attachment":[{"href":"https:\/\/defi4.fr\/en\/wp-json\/wp\/v2\/media?parent=25090"}],"wp:term":[{"taxonomy":"category","embeddable":true,"href":"https:\/\/defi4.fr\/en\/wp-json\/wp\/v2\/categories?post=25090"},{"taxonomy":"post_tag","embeddable":true,"href":"https:\/\/defi4.fr\/en\/wp-json\/wp\/v2\/tags?post=25090"}],"curies":[{"name":"wp","href":"https:\/\/api.w.org\/{rel}","templated":true}]}}