{"id":25099,"date":"2026-01-12T13:48:52","date_gmt":"2026-01-12T12:48:52","guid":{"rendered":"https:\/\/defi4.fr\/?p=25099"},"modified":"2026-01-13T13:50:13","modified_gmt":"2026-01-13T12:50:13","slug":"%e2%9c%a8-retour-sur-lannee-2025-chez-defi4","status":"publish","type":"post","link":"https:\/\/defi4.fr\/en\/2026\/01\/12\/%e2%9c%a8-retour-sur-lannee-2025-chez-defi4\/","title":{"rendered":"\u2728 Retour sur l\u2019ann\u00e9e 2025 chez DEFI4"},"content":{"rendered":"<p>Une ann\u00e9e marqu\u00e9e par de nombreux projets, de belles collaborations et un engagement constant au service de la formation.<br><br>Merci \u00e0 toutes celles et ceux qui ont contribu\u00e9 \u00e0 faire grandir DEFI4.<br><br>Toute l\u2019\u00e9quipe DEFI4 vous souhaite une tr\u00e8s belle ann\u00e9e. \ud83c\udf89<br><br><a href=\"https:\/\/www.linkedin.com\/in\/dominiquegeeraert\/\" target=\"_blank\" rel=\"noopener\">Dominique Geeraert<\/a>, <a href=\"https:\/\/www.linkedin.com\/in\/isabelle-boul-179b23141\/\" target=\"_blank\" rel=\"noopener\">Isabelle Boul<\/a>, <a href=\"https:\/\/www.linkedin.com\/in\/son-cao-35869715\/\" target=\"_blank\" rel=\"noopener\">Son CAO<\/a>, <a href=\"https:\/\/www.linkedin.com\/in\/fiquet-herve-88a83b18\/\" target=\"_blank\" rel=\"noopener\">Fiquet Herve<\/a>, <a href=\"https:\/\/www.linkedin.com\/in\/dany-demarcy-937450153\/\" target=\"_blank\" rel=\"noopener\">Dany Demarcy<\/a>, <a href=\"https:\/\/www.linkedin.com\/in\/fran%C3%A7ois-desse-909677b6\/\" target=\"_blank\" rel=\"noopener\">Fran\u00e7ois Desse<\/a>, <a href=\"https:\/\/www.linkedin.com\/in\/francis-leroux-a30561b4\/\" target=\"_blank\" rel=\"noopener\">Francis Leroux<\/a>, <a href=\"https:\/\/www.linkedin.com\/in\/christophe-verin-298b92160\/\" target=\"_blank\" rel=\"noopener\">Christophe VERIN<\/a>, <a href=\"https:\/\/www.linkedin.com\/in\/jean-pierre-triquet-64017490\/\" target=\"_blank\" rel=\"noopener\">jean-pierre Triquet<\/a>, <a href=\"https:\/\/www.linkedin.com\/in\/pierre-jean-krauth-b3b5ba90\/\" target=\"_blank\" rel=\"noopener\">Pierre-Jean Krauth<\/a>, <a href=\"https:\/\/www.linkedin.com\/in\/aur%C3%A9lien-philippe-526407369\/\" target=\"_blank\" rel=\"noopener\">Aur\u00e9lien PHILIPPE<\/a>, <a href=\"https:\/\/www.linkedin.com\/in\/ulyssedorioz\/\" target=\"_blank\" rel=\"noopener\">Ulysse DORIOZ<\/a>, <a href=\"https:\/\/www.linkedin.com\/in\/arnaud-cuisset-980285257\/\" target=\"_blank\" rel=\"noopener\">Arnaud Cuisset<\/a>, <a href=\"https:\/\/www.linkedin.com\/in\/marie-gressier-702a2a99\/\" target=\"_blank\" rel=\"noopener\">Marie Gressier<\/a>, <a href=\"https:\/\/www.linkedin.com\/in\/damien-costella-a93359206\/\" target=\"_blank\" rel=\"noopener\">Damien COSTELLA<\/a>, <a href=\"https:\/\/www.linkedin.com\/in\/david-glijer-83398b71\/\" target=\"_blank\" rel=\"noopener\">David Glijer<\/a><br><br><a href=\"https:\/\/www.linkedin.com\/search\/results\/all\/?keywords=%23formation&amp;origin=HASH_TAG_FROM_FEED\" target=\"_blank\" rel=\"noopener\">#Formation<\/a> <a href=\"https:\/\/www.linkedin.com\/search\/results\/all\/?keywords=%23transformationdigitale&amp;origin=HASH_TAG_FROM_FEED\" target=\"_blank\" rel=\"noopener\">#TransformationDigitale<\/a><\/p>\n\n\n\n<p><\/p>","protected":false},"excerpt":{"rendered":"<p>Une ann\u00e9e marqu\u00e9e par de nombreux projets, de belles collaborations et un engagement constant au service de la formation. Merci \u00e0 toutes celles et ceux qui ont contribu\u00e9 \u00e0 faire grandir DEFI4. Toute l\u2019\u00e9quipe DEFI4 vous souhaite une tr\u00e8s belle &hellip; <\/p>","protected":false},"author":7,"featured_media":25100,"comment_status":"open","ping_status":"open","sticky":false,"template":"","format":"standard","meta":{"pmpro_default_level":"","_monsterinsights_skip_tracking":false,"_monsterinsights_sitenote_active":false,"_monsterinsights_sitenote_note":"","_monsterinsights_sitenote_category":0,"footnotes":""},"categories":[16],"tags":[],"class_list":["post-25099","post","type-post","status-publish","format-standard","has-post-thumbnail","hentry","category-actualites","pmpro-has-access"],"_links":{"self":[{"href":"https:\/\/defi4.fr\/en\/wp-json\/wp\/v2\/posts\/25099","targetHints":{"allow":["GET"]}}],"collection":[{"href":"https:\/\/defi4.fr\/en\/wp-json\/wp\/v2\/posts"}],"about":[{"href":"https:\/\/defi4.fr\/en\/wp-json\/wp\/v2\/types\/post"}],"author":[{"embeddable":true,"href":"https:\/\/defi4.fr\/en\/wp-json\/wp\/v2\/users\/7"}],"replies":[{"embeddable":true,"href":"https:\/\/defi4.fr\/en\/wp-json\/wp\/v2\/comments?post=25099"}],"version-history":[{"count":1,"href":"https:\/\/defi4.fr\/en\/wp-json\/wp\/v2\/posts\/25099\/revisions"}],"predecessor-version":[{"id":25101,"href":"https:\/\/defi4.fr\/en\/wp-json\/wp\/v2\/posts\/25099\/revisions\/25101"}],"wp:featuredmedia":[{"embeddable":true,"href":"https:\/\/defi4.fr\/en\/wp-json\/wp\/v2\/media\/25100"}],"wp:attachment":[{"href":"https:\/\/defi4.fr\/en\/wp-json\/wp\/v2\/media?parent=25099"}],"wp:term":[{"taxonomy":"category","embeddable":true,"href":"https:\/\/defi4.fr\/en\/wp-json\/wp\/v2\/categories?post=25099"},{"taxonomy":"post_tag","embeddable":true,"href":"https:\/\/defi4.fr\/en\/wp-json\/wp\/v2\/tags?post=25099"}],"curies":[{"name":"wp","href":"https:\/\/api.w.org\/{rel}","templated":true}]}}